{"id":109,"date":"2026-03-16T09:27:02","date_gmt":"2026-03-16T09:27:02","guid":{"rendered":"https:\/\/www.partiokerailijat.fi\/?p=109"},"modified":"2026-03-16T09:27:02","modified_gmt":"2026-03-16T09:27:02","slug":"menneet-tapahtumat","status":"publish","type":"post","link":"https:\/\/www.partiokerailijat.fi\/index.php\/2026\/03\/16\/menneet-tapahtumat\/","title":{"rendered":"Menneet tapahtumat"},"content":{"rendered":"\n<h2 class=\"wp-block-heading\">Vuosikokous 2026<\/h2>\n\n\n\n<p>Yhdistyksen vuosikokous pidet\u00e4\u00e4n <strong>sunnuntaina 8.3.2026 klo 13<\/strong> alkaen hybridiversiona Lounais-Suomen partiopiirin toimistossa Turussa, L\u00e4ntinen Pitk\u00e4katu 13 TAI Teams-yhteyden v\u00e4lityksell\u00e4.<\/p>\n\n\n\n<p><strong>Ilmoittaudu<\/strong> mukaan puheenjohtajalle s\u00e4hk\u00f6postilla ja kerro, tuletko paikan p\u00e4\u00e4lle vai oletko et\u00e4n\u00e4.<\/p>\n\n\n\n<p>Ennen kokousta klo 11.30 alkaen Suomen Partiomuseossa samassa osoitteessa on mahdollisuus tehd\u00e4 hyvin edullisia ker\u00e4ilyhankintoja ja tutustua Partiomuseon n\u00e4yttelyyn.<\/p>\n\n\n\n<p>Kokouksen j\u00e4lkeen on kokousesitelm\u00e4 ja vaihtotapahtuma.<\/p>\n\n\n\n<h2 class=\"wp-block-heading\">Vuosikokous 2025<\/h2>\n\n\n\n<p>Tervetuloa Partioker\u00e4ilij\u00e4t ry:n vuosikokoukseen 2025 ja kokouksen yhteydess\u00e4 j\u00e4rjestett\u00e4v\u00e4\u00e4n juhlalliseen uuden lipun naulaukseen lauantaina <strong>22.3.2025 klo 14<\/strong> alkaen.<br>Kokouksen yhteydess\u00e4 on mielenkiintoinen kokousesitelm\u00e4 (Ilkka Kuivalainen) ja sen j\u00e4lkeen Partioasemalla osallistujille vaihtotapahtuma, ota vaihdokkisi mukaan.<br>Kokoukseen voi osallistua sek\u00e4 Partioasemalla Helsingiss\u00e4 ett\u00e4 Teams-yhteyden kautta.<br>Sek\u00e4 tarjoilujen ett\u00e4 yhteyslinkin vuoksi olisi mukavaa, jos voit <strong>ilmoittautua<\/strong> puheenjohtajalle s\u00e4hk\u00f6postilla <strong>viimeist\u00e4\u00e4n ke 19.3.2025<\/strong>.<br>TERVETULOA!<br><em>Partioker\u00e4ilij\u00e4t ry hallitus<\/em><\/p>\n\n\n\n<h2 class=\"wp-block-heading\">J\u00e4sentapahtuma syksy 2024<\/h2>\n\n\n\n<p>Hyv\u00e4 partioker\u00e4ilij\u00e4! Tervetuloa syksyn j\u00e4sentapahtumaan <a href=\"http:\/\/turunpartiosissit.fi\">Turun Partio-Sissien<\/a> kololle tutustumaan paikan historiaan ja sen toivottavasti mielenkiintoiseen sis\u00e4lt\u00f6\u00f6n. <strong>Lauantaina 2.11 klo 12-15<\/strong>, Eskelinkatu 2 Turku. Ovikoodi l\u00e4hetet\u00e4\u00e4n ilmoittautuneille. Tapahtumassa Sudenkolon entinen toimitusjohtaja Julle Rauti on lupautunut kertomaan miten ja miksi Sudenkolo aikanaan alkunsa sai ja mit\u00e4 se sai aikaan. Kaikkea swopattavaa kannattaa ottaa mukaan, t\u00e4m\u00e4 on my\u00f6s vaihtotapahtuma! Tarjolla on kahvia\/teet\u00e4 ja pient\u00e4 purtavaa. Tilaisuuden j\u00e4lkeen mahdollista vierailla Partiomuseolla. Ilmoittautumiset viimeist\u00e4\u00e4n 30.10 yhdistyksen sihteerille.<\/p>\n\n\n\n<h2 class=\"wp-block-heading\">J\u00e4sentapaaminen 2024<\/h2>\n\n\n\n<p>Partioker\u00e4ilij\u00e4t ry:n j\u00e4sentapaaminen <strong>perjantaina 28.6.2024 klo 16<\/strong> Sylv\u00e4\u00e4n koululla. Tavataan perinteiseen tapaan Vanhan Kirjallisuuden P\u00e4ivill\u00e4 Sastamalassa Sylv\u00e4\u00e4n koulun kellon alla klo 16. Vaihdetaan kuulumiset, ihastellaan toistemme kirjal\u00f6yd\u00f6t ja jaetaan ker\u00e4ilyuutisia. Lis\u00e4tietoja kirjap\u00e4ivist\u00e4 ja ohjelma <a href=\"http:\/\/www.vanhankirjallisuudenpaivat.com\">www.vanhankirjallisuudenpaivat.com<\/a> Sastamalassa on samaan aikaan Antiikkia ja Wintagea -myyntitapahtuma (Vammalan seurantalo, Marttilankatu 35). Muita kirjatoukan iloja paikkakunnalla on my\u00f6s Suomalaisen Kirjan museo Pukstaavi <a href=\"https:\/\/www.pukstaavi.fi\/\">www.pukstaavi.fi<\/a> ja Tyrv\u00e4\u00e4n kirjakauppa, jonka kirjakellarista voi tehd\u00e4 l\u00f6yt\u00f6j\u00e4. Samalla Marttilankadulla on my\u00f6s Antikvariaatti Tyrw\u00e4\u00e4.<\/p>\n\n\n\n<h2 class=\"wp-block-heading\">Vuosikokous 2024<\/h2>\n\n\n\n<p>Partioker\u00e4ilij\u00e4t ry:n vuosikokous pidet\u00e4\u00e4n <strong>lauantaina 16.3.2024<\/strong> hybridikokouksena. Kokouspaikka on H\u00e4meen Partiopiirin Tampereen toimisto, Yliopistonkatu 60 A tai Teams-yhteys.<\/p>\n\n\n\n<p>Tapahtuma alkaa <strong>klo 14<\/strong> vuosikokouksella, jossa k\u00e4sitell\u00e4\u00e4n s\u00e4\u00e4nt\u00f6m\u00e4\u00e4r\u00e4iset vuosikokousasiat ja ehdotus uusiksi s\u00e4\u00e4nn\u00f6iksi.<\/p>\n\n\n\n<p>Kokouksen j\u00e4lkeen Visa Liippola pit\u00e4\u00e4 kokousesitelm\u00e4n partioker\u00e4ilyaiheesta ja sen j\u00e4lkeen kokouspaikalla on vaihtotapahtuma ja vapaata seurustelua.<\/p>\n\n\n\n<p>Kokouskutsu ja Teams-linkki l\u00e4hetet\u00e4\u00e4n viikolla 10 yhdistyksen s\u00e4hk\u00f6postilistan kautta.<\/p>\n\n\n\n<h2 class=\"wp-block-heading\">Esittely 2023<\/h2>\n\n\n\n<p><strong>Kaikissa meiss\u00e4 asuu pieni ker\u00e4ilij\u00e4.<\/strong><br>Partioker\u00e4ilij\u00e4t esittelev\u00e4t kokoelmiaan <strong>lauantaina 28.10.2023 kello 11.00-16.00<\/strong> Partioasemalla osoitteessa T\u00f6\u00f6l\u00f6nkatu 55, Helsinki.<br><br>Tule tutustumaan partiopukuihin, merkkeihin, v\u00f6ihin, filateliaan ja kaikkeen mit\u00e4 partiosta voi ker\u00e4t\u00e4.<\/p>\n\n\n\n<p><em>Kello 12.00 Erkki Tuominen esittelee ja kertoo partiolaisten ex-libriksist\u00e4.<\/em><\/p>\n\n\n\n<p>Ker\u00e4ilij\u00e4t my\u00f6s vaihtavat ja myyv\u00e4t kaksoiskappaleitaan kaikille partioker\u00e4ilyst\u00e4 kiinnostuneille.<\/p>\n\n\n\n<p>Tervetuloa!<\/p>\n","protected":false},"excerpt":{"rendered":"<p>Vuosikokous 2026 Yhdistyksen vuosikokous pidet\u00e4\u00e4n sunnuntaina 8.3.2026 klo 13 alkaen hybridiversiona Lounais-Suomen partiopiirin toimistossa Turussa, L\u00e4ntinen Pitk\u00e4katu 13 TAI Teams-yhteyden v\u00e4lityksell\u00e4. Ilmoittaudu mukaan puheenjohtajalle s\u00e4hk\u00f6postilla ja kerro, tuletko paikan p\u00e4\u00e4lle vai oletko et\u00e4n\u00e4. Ennen kokousta klo 11.30 alkaen Suomen Partiomuseossa samassa osoitteessa on mahdollisuus tehd\u00e4 hyvin edullisia ker\u00e4ilyhankintoja ja tutustua Partiomuseon n\u00e4yttelyyn. Kokouksen j\u00e4lkeen on [&hellip;]<\/p>\n","protected":false},"author":1,"featured_media":0,"comment_status":"closed","ping_status":"open","sticky":false,"template":"","format":"standard","meta":{"footnotes":""},"categories":[1],"tags":[],"_links":{"self":[{"href":"https:\/\/www.partiokerailijat.fi\/index.php\/wp-json\/wp\/v2\/posts\/109"}],"collection":[{"href":"https:\/\/www.partiokerailijat.fi\/index.php\/wp-json\/wp\/v2\/posts"}],"about":[{"href":"https:\/\/www.partiokerailijat.fi\/index.php\/wp-json\/wp\/v2\/types\/post"}],"author":[{"embeddable":true,"href":"https:\/\/www.partiokerailijat.fi\/index.php\/wp-json\/wp\/v2\/users\/1"}],"replies":[{"embeddable":true,"href":"https:\/\/www.partiokerailijat.fi\/index.php\/wp-json\/wp\/v2\/comments?post=109"}],"version-history":[{"count":1,"href":"https:\/\/www.partiokerailijat.fi\/index.php\/wp-json\/wp\/v2\/posts\/109\/revisions"}],"predecessor-version":[{"id":110,"href":"https:\/\/www.partiokerailijat.fi\/index.php\/wp-json\/wp\/v2\/posts\/109\/revisions\/110"}],"wp:attachment":[{"href":"https:\/\/www.partiokerailijat.fi\/index.php\/wp-json\/wp\/v2\/media?parent=109"}],"wp:term":[{"taxonomy":"category","embeddable":true,"href":"https:\/\/www.partiokerailijat.fi\/index.php\/wp-json\/wp\/v2\/categories?post=109"},{"taxonomy":"post_tag","embeddable":true,"href":"https:\/\/www.partiokerailijat.fi\/index.php\/wp-json\/wp\/v2\/tags?post=109"}],"curies":[{"name":"wp","href":"https:\/\/api.w.org\/{rel}","templated":true}]}}